{"id":743,"date":"2013-01-11T01:40:00","date_gmt":"2013-01-11T01:40:00","guid":{"rendered":"https:\/\/new.anfagua.org\/?p=743"},"modified":"2024-07-15T01:41:44","modified_gmt":"2024-07-15T01:41:44","slug":"reunion-con-d-g-de-industria-de-la-junta-de-andalucia","status":"publish","type":"post","link":"https:\/\/www.anfagua.org\/en\/2013\/01\/11\/reunion-con-d-g-de-industria-de-la-junta-de-andalucia\/","title":{"rendered":"Reuni\u00f3n\u00a0con D.G. de Industria de la Junta de Andaluc\u00eda"},"content":{"rendered":"\n<h2 class=\"wp-block-heading\">V\u00edctor Pinedo, presidente de ANFAGUA, La Asociaci\u00f3n Nacional de Fabricantes de Contadores de Agua, se reuni\u00f3 el pasado d\u00eda 19 de diciembre con\u00a0<em>Ignacio C\u00e1ceres,\u00a0<\/em>Jefe de Servicio de la Direcci\u00f3n General de Industria de la\u00a0<em>Junta de Andaluc\u00eda, para reforzar los v\u00ednculos entre la Junta y la organizaci\u00f3n representativa del sector\u00a0<\/em>industrial dedicado a la fabricaci\u00f3n de contadores de agua en Espa\u00f1a.<\/h2>\n\n\n\n<p>En dicho encuentro, en el que tambi\u00e9n particip\u00f3, el coordinador de la Comisi\u00f3n T\u00e9cnica de ANFAGUA, Juan Carlos \u00c1yora, se puso de manifiesto la&nbsp;<strong>utilidad de fomentar el intercambio de informaci\u00f3n y conocimiento entre ambas entidades para la optimizaci\u00f3n de los recursos, fomento de la sostenibilidad y preservaci\u00f3n del medio ambiente.<\/strong><\/p>\n\n\n\n<p>La reuni\u00f3n entre ANFAGUA y la Junta de Andaluc\u00eda favorecer\u00e1 que las futuras disposiciones y medidas que adopte la Junta de Andaluc\u00eda relacionadas con la medici\u00f3n del agua tengan la m\u00e1s amplia participaci\u00f3n del sector.<\/p>\n\n\n\n<p>De esta manera,&nbsp;<strong>ANFAGUA avanza en uno de sus principales objetivos<\/strong>: Colaborar en la elaboraci\u00f3n de normas y disposiciones, con el fin de promover la utilizaci\u00f3n de equipos de alta calidad y en la representaci\u00f3n de sus miembros ante organismos e instituciones.<\/p>\n\n\n\n<div class=\"wp-block-qi-blocks-spacer qodef-block-container qodef-block-249b452c\"><div class=\"qi-block-spacer qodef-block qodef-m\"><\/div><\/div>\n","protected":false},"excerpt":{"rendered":"<p>V\u00edctor Pinedo, presidente de ANFAGUA, La Asociaci\u00f3n Nacional de Fabricantes de Contadores de Agua, se reuni\u00f3 el pasado d\u00eda 19 de diciembre con\u00a0Ignacio C\u00e1ceres,\u00a0Jefe de Servicio de la Direcci\u00f3n General de Industria de la\u00a0Junta de Andaluc\u00eda, para reforzar los v\u00ednculos entre la Junta y la&#8230;<\/p>\n","protected":false},"author":1,"featured_media":506,"comment_status":"closed","ping_status":"closed","sticky":false,"template":"","format":"standard","meta":{"footnotes":"","_links_to":"","_links_to_target":""},"categories":[9],"tags":[],"class_list":["post-743","post","type-post","status-publish","format-standard","has-post-thumbnail","hentry","category-noticias"],"_links":{"self":[{"href":"https:\/\/www.anfagua.org\/en\/wp-json\/wp\/v2\/posts\/743","targetHints":{"allow":["GET"]}}],"collection":[{"href":"https:\/\/www.anfagua.org\/en\/wp-json\/wp\/v2\/posts"}],"about":[{"href":"https:\/\/www.anfagua.org\/en\/wp-json\/wp\/v2\/types\/post"}],"author":[{"embeddable":true,"href":"https:\/\/www.anfagua.org\/en\/wp-json\/wp\/v2\/users\/1"}],"replies":[{"embeddable":true,"href":"https:\/\/www.anfagua.org\/en\/wp-json\/wp\/v2\/comments?post=743"}],"version-history":[{"count":1,"href":"https:\/\/www.anfagua.org\/en\/wp-json\/wp\/v2\/posts\/743\/revisions"}],"predecessor-version":[{"id":744,"href":"https:\/\/www.anfagua.org\/en\/wp-json\/wp\/v2\/posts\/743\/revisions\/744"}],"wp:featuredmedia":[{"embeddable":true,"href":"https:\/\/www.anfagua.org\/en\/wp-json\/wp\/v2\/media\/506"}],"wp:attachment":[{"href":"https:\/\/www.anfagua.org\/en\/wp-json\/wp\/v2\/media?parent=743"}],"wp:term":[{"taxonomy":"category","embeddable":true,"href":"https:\/\/www.anfagua.org\/en\/wp-json\/wp\/v2\/categories?post=743"},{"taxonomy":"post_tag","embeddable":true,"href":"https:\/\/www.anfagua.org\/en\/wp-json\/wp\/v2\/tags?post=743"}],"curies":[{"name":"wp","href":"https:\/\/api.w.org\/{rel}","templated":true}]}}