{"id":730,"date":"2013-07-18T01:23:00","date_gmt":"2013-07-18T01:23:00","guid":{"rendered":"https:\/\/new.anfagua.org\/?p=730"},"modified":"2024-07-15T01:31:30","modified_gmt":"2024-07-15T01:31:30","slug":"situacion-actual-de-la-verificacion-periodica-de-contadores-de-agua-en-espana-y-europa","status":"publish","type":"post","link":"https:\/\/www.anfagua.org\/en\/2013\/07\/18\/situacion-actual-de-la-verificacion-periodica-de-contadores-de-agua-en-espana-y-europa\/","title":{"rendered":"Situaci\u00f3n\u00a0actual de la verificaci\u00f3n peri\u00f3dica de contadores de agua en Espa\u00f1a y Europa"},"content":{"rendered":"\n<h2 class=\"wp-block-heading\">Anfagua, Asociaci\u00f3n Espa\u00f1ola de Fabricantes de Contadores de Agua, particip\u00f3 en las XXXII jornadas de AEAS -celebradas los d\u00edas 12 al 14 de junio en el Palacio de Congresos y Auditorio Kursal de San Sebasti\u00e1n- con un an\u00e1lisis exhaustivo de la situaci\u00f3n actual de la verificaci\u00f3n peri\u00f3dica de contadores de agua en Espa\u00f1a y en Europa.<\/h2>\n\n\n\n<p>La ponencia de Anfagua, que fue&nbsp;<strong>realizada por V\u00edctor Pinedo, Presidente de Anfagua, y Juan Carlos Ayora,<\/strong>&nbsp;<strong>el coordinador de la Comisi\u00f3n T\u00e9cnica de Anfagua<\/strong>, gener\u00f3 gran expectaci\u00f3n e inter\u00e9s en un foro en el que estuvieron presentes la mayor\u00eda de empresas gestoras de agua en Espa\u00f1a, puesto que se pudo conocer un an\u00e1lisis experto y pormenorizado del estado de la cuesti\u00f3n de la verificaci\u00f3n peri\u00f3dica y la verificaci\u00f3n despu\u00e9s de reparaci\u00f3n de los contadores de agua en los pa\u00edses de la Uni\u00f3n Europea.<\/p>\n\n\n\n<p><strong>Como se subray\u00f3, el objetivo de estas verificaciones es garantizar la fiabilidad de la medici\u00f3n a lo largo de toda la vida \u00fatil de estos instrumentos de precisi\u00f3n, esenciales para el uso eficiente y responsable del agua<\/strong>. La adecuada medici\u00f3n de los contadores est\u00e1 condicionada por la calidad del agua, el tipo de consumo, la manipulaci\u00f3n del contador y el tipo de instalaci\u00f3n en el que se ubique.<\/p>\n\n\n\n<p>Los asistentes pudieron comprobar como&nbsp;<strong>la gran mayor\u00eda de pa\u00edses europeos tienen regulaciones al respecto<\/strong>, con normas en la que se establecen la verificaci\u00f3n tras reparaci\u00f3n y unos intervalos m\u00e1ximos de verificaci\u00f3n peri\u00f3dica, que van desde el m\u00e1s exigente, Alemania, que lo establece cada 5 a\u00f1os, hasta el m\u00e1s laxo, B\u00e9lgica, que fija en 16 a\u00f1os el per\u00edodo de tiempo en el que es obligatorio verificar este tipo de contadores.<\/p>\n\n\n\n<p>Sin embargo, como se constat\u00f3 en la exposici\u00f3n,&nbsp;<strong>en nuestro pa\u00eds<\/strong>&nbsp;no contamos con una norma que armonice estas verificaciones, por lo que&nbsp;<strong>existe un vac\u00edo s\u00f3lo cubierto<\/strong>&nbsp;de manera territorial, en&nbsp;<strong>cuatro comunidades aut\u00f3nomas<\/strong>&nbsp;\u2013Andaluc\u00eda, Baleares, Murcia y Pa\u00eds Vasco \u2013, y sectorial, para el control del uso del agua destinada a riego.<\/p>\n\n\n\n<p><strong>En el cap\u00edtulo normativo, se pudo comprobar como la Directiva 2004\/22\/CE, cuya trasposici\u00f3n al derecho espa\u00f1ol encontramos en el RD 889\/2006<\/strong>, establece en su art\u00edculo 11, apartado 3, que los instrumentos de medida en servicio deber\u00e1n ser sometidos a verificaci\u00f3n peri\u00f3dica, verificaci\u00f3n despu\u00e9s de reparaci\u00f3n o modificaci\u00f3n y vigilancia e inspecci\u00f3n. El art\u00edculo 13 recoge que la competencia y ejecuci\u00f3n del control metrol\u00f3gico corresponde a las Comunidades Aut\u00f3nomas. En la actualidad, est\u00e1 regulada la\u00a0<strong>Verificaci\u00f3n primitiva o Inicial<\/strong>, de obligado cumplimiento en la fase de\u00a0 comercializaci\u00f3n y puesta en servicio de los contadores; sin embargo, ser\u00eda necesaria unas directrices normativas que definan tanto la\u00a0<strong>Verificaci\u00f3n peri\u00f3dica<\/strong>, como la\u00a0<strong>Verificaci\u00f3n despu\u00e9s de reparaci\u00f3n<\/strong>, para tener as\u00ed absolutas garant\u00edas de que el producto mantiene su fiabilidad a lo largo del tiempo y que, tras ser reparado, cumple con las especificaciones vigentes.<\/p>\n\n\n\n<div data-wp-interactive=\"core\/file\" class=\"wp-block-file\"><object data-wp-bind--hidden=\"!state.hasPdfPreview\" hidden class=\"wp-block-file__embed\" data=\"https:\/\/www.anfagua.org\/wp-content\/uploads\/Presentacion.ppt_XXXIIJornadasAEAS.pdf\" type=\"application\/pdf\" style=\"width:100%;height:600px\" aria-label=\"Embed of Presentacion.ppt_XXXIIJornadasAEAS.\"><\/object><a id=\"wp-block-file--media-db70179b-8785-428e-9542-f82bf3630b65\" href=\"https:\/\/www.anfagua.org\/wp-content\/uploads\/Presentacion.ppt_XXXIIJornadasAEAS.pdf\" target=\"_blank\" rel=\"noreferrer noopener\">Presentacion.ppt_XXXIIJornadasAEAS<\/a><a href=\"https:\/\/www.anfagua.org\/wp-content\/uploads\/Presentacion.ppt_XXXIIJornadasAEAS.pdf\" class=\"wp-block-file__button wp-element-button\" download aria-describedby=\"wp-block-file--media-db70179b-8785-428e-9542-f82bf3630b65\">Descarga<\/a><\/div>\n\n\n\n<div class=\"wp-block-qi-blocks-spacer qodef-block-container qodef-block-249b452c\"><div class=\"qi-block-spacer qodef-block qodef-m\"><\/div><\/div>\n","protected":false},"excerpt":{"rendered":"<p>Anfagua, Asociaci\u00f3n Espa\u00f1ola de Fabricantes de Contadores de Agua, particip\u00f3 en las XXXII jornadas de AEAS -celebradas los d\u00edas 12 al 14 de junio en el Palacio de Congresos y Auditorio Kursal de San Sebasti\u00e1n- con un an\u00e1lisis exhaustivo de la situaci\u00f3n actual de la&#8230;<\/p>\n","protected":false},"author":1,"featured_media":210,"comment_status":"closed","ping_status":"closed","sticky":false,"template":"","format":"standard","meta":{"footnotes":"","_links_to":"","_links_to_target":""},"categories":[9],"tags":[],"class_list":["post-730","post","type-post","status-publish","format-standard","has-post-thumbnail","hentry","category-noticias"],"_links":{"self":[{"href":"https:\/\/www.anfagua.org\/en\/wp-json\/wp\/v2\/posts\/730","targetHints":{"allow":["GET"]}}],"collection":[{"href":"https:\/\/www.anfagua.org\/en\/wp-json\/wp\/v2\/posts"}],"about":[{"href":"https:\/\/www.anfagua.org\/en\/wp-json\/wp\/v2\/types\/post"}],"author":[{"embeddable":true,"href":"https:\/\/www.anfagua.org\/en\/wp-json\/wp\/v2\/users\/1"}],"replies":[{"embeddable":true,"href":"https:\/\/www.anfagua.org\/en\/wp-json\/wp\/v2\/comments?post=730"}],"version-history":[{"count":5,"href":"https:\/\/www.anfagua.org\/en\/wp-json\/wp\/v2\/posts\/730\/revisions"}],"predecessor-version":[{"id":740,"href":"https:\/\/www.anfagua.org\/en\/wp-json\/wp\/v2\/posts\/730\/revisions\/740"}],"wp:featuredmedia":[{"embeddable":true,"href":"https:\/\/www.anfagua.org\/en\/wp-json\/wp\/v2\/media\/210"}],"wp:attachment":[{"href":"https:\/\/www.anfagua.org\/en\/wp-json\/wp\/v2\/media?parent=730"}],"wp:term":[{"taxonomy":"category","embeddable":true,"href":"https:\/\/www.anfagua.org\/en\/wp-json\/wp\/v2\/categories?post=730"},{"taxonomy":"post_tag","embeddable":true,"href":"https:\/\/www.anfagua.org\/en\/wp-json\/wp\/v2\/tags?post=730"}],"curies":[{"name":"wp","href":"https:\/\/api.w.org\/{rel}","templated":true}]}}