{"id":721,"date":"2016-04-08T02:08:00","date_gmt":"2016-04-08T02:08:00","guid":{"rendered":"https:\/\/new.anfagua.org\/?p=721"},"modified":"2024-07-15T01:09:51","modified_gmt":"2024-07-15T01:09:51","slug":"cesar-soto-nuevo-presidente-de-anfagua","status":"publish","type":"post","link":"https:\/\/www.anfagua.org\/en\/2016\/04\/08\/cesar-soto-nuevo-presidente-de-anfagua\/","title":{"rendered":"C\u00e9sar\u00a0Soto, nuevo presidente de Anfagua"},"content":{"rendered":"\n<h2 class=\"wp-block-heading\">C\u00e9sar Soto Dengra ha sido nombrado Presidente de la Asociaci\u00f3n Espa\u00f1ola de Fabricantes de Contadores de Agua, ANFAGUA, entidad que\u00a0<strong>agrupa al 80% del mercado espa\u00f1ol de la fabricaci\u00f3n y la distribuci\u00f3n de contadores de agua<\/strong>; un sector esencial, puesto que\u00a0<strong>mantiene y renueva los m\u00e1s de 25 millones de contadores<\/strong>\u00a0de agua que, seg\u00fan estimaciones del sector, est\u00e1n instalados en Espa\u00f1a, y cuya funci\u00f3n resulta vital tanto para los usuarios, como para los operadores.<\/h2>\n\n\n\n<p><strong>C\u00e9sar Soto Dengra es Ingeniero Industrial, con m\u00e1s de 25 a\u00f1os de experiencia en el sector de equipos contadores<\/strong>, est\u00e1 titulado en Administraci\u00f3n de empresas por la Universidad Pompeu Frabra y es Master en marketing por la Escuela de Alta Direcci\u00f3n y Administraci\u00f3n. En la actualidad, Soto Dengra es Director de Exportaci\u00f3n y Comercializaci\u00f3n de Conthidra, Grupo JANZ.<\/p>\n\n\n\n<p>El nuevo Presidente de ANFAGUA se marca como&nbsp;<strong>grandes objetivos<\/strong>: impulsar acciones que garanticen la&nbsp;<strong>medici\u00f3n correcta<\/strong>&nbsp;del agua, promover el desarrollo de&nbsp;<strong>equipos m\u00e1s avanzados<\/strong>&nbsp;y desarrollar actividades en materia de&nbsp;<strong>divulgaci\u00f3n y formaci\u00f3n&nbsp;<\/strong>que favorezcan el conocimiento de la tecnolog\u00eda, las normas y los equipos de medici\u00f3n de agua.<\/p>\n\n\n\n<p>Para C\u00e9sar Soto, Presidente de ANFAGUA, \u201cm\u00e1s all\u00e1 de tener presencia en los principales foros t\u00e9cnicos relacionados con la metrolog\u00eda del agua,&nbsp;<strong>queremos reforzar el contacto con todas las Administraciones, para velar por el id\u00f3neo funcionamiento del parque espa\u00f1ol de contadores de agua<\/strong>, puesto que sin el preciso control de los consumos no es posible mejorar en la eficiencia del recurso agua, tan escaso como valioso\u201d<\/p>\n\n\n\n<p>El nuevo Presidente ha recordado que \u201cAnfagua lleva m\u00e1s de&nbsp;<strong>28 a\u00f1os entregada al servicio de usuarios y operadores, promoviendo las mejores pr\u00e1cticas<\/strong>&nbsp;en los procesos de instalaci\u00f3n, revisi\u00f3n y renovaci\u00f3n de los instrumentos para la medida del agua en Espa\u00f1a; aportamos un&nbsp;<strong>soporte t\u00e9cnico esencial, dada nuestra elevada especializaci\u00f3n, proponiendo activa y reactivamente mejoras en metrolog\u00eda t\u00e9cnica y legal\u201d<\/strong><\/p>\n\n\n\n<p><strong>C\u00e9sar Soto sustituye en el cargo a Javier Calvo<\/strong>, Director de Ventas de la multinacional Elster, que ostent\u00f3 esta responsabilidad desde 2013, fecha desde la cual colabor\u00f3 con intensidad al buen desarrollo del sector de la metrolog\u00eda del agua en Espa\u00f1a y Europa.<\/p>\n\n\n\n<div class=\"wp-block-qi-blocks-spacer qodef-block-container qodef-block-249b452c\"><div class=\"qi-block-spacer qodef-block qodef-m\"><\/div><\/div>\n","protected":false},"excerpt":{"rendered":"<p>C\u00e9sar Soto Dengra ha sido nombrado Presidente de la Asociaci\u00f3n Espa\u00f1ola de Fabricantes de Contadores de Agua, ANFAGUA, entidad que\u00a0agrupa al 80% del mercado espa\u00f1ol de la fabricaci\u00f3n y la distribuci\u00f3n de contadores de agua; un sector esencial, puesto que\u00a0mantiene y renueva los m\u00e1s de&#8230;<\/p>\n","protected":false},"author":1,"featured_media":722,"comment_status":"closed","ping_status":"closed","sticky":false,"template":"","format":"standard","meta":{"footnotes":"","_links_to":"","_links_to_target":""},"categories":[9],"tags":[],"class_list":["post-721","post","type-post","status-publish","format-standard","has-post-thumbnail","hentry","category-noticias"],"_links":{"self":[{"href":"https:\/\/www.anfagua.org\/en\/wp-json\/wp\/v2\/posts\/721","targetHints":{"allow":["GET"]}}],"collection":[{"href":"https:\/\/www.anfagua.org\/en\/wp-json\/wp\/v2\/posts"}],"about":[{"href":"https:\/\/www.anfagua.org\/en\/wp-json\/wp\/v2\/types\/post"}],"author":[{"embeddable":true,"href":"https:\/\/www.anfagua.org\/en\/wp-json\/wp\/v2\/users\/1"}],"replies":[{"embeddable":true,"href":"https:\/\/www.anfagua.org\/en\/wp-json\/wp\/v2\/comments?post=721"}],"version-history":[{"count":1,"href":"https:\/\/www.anfagua.org\/en\/wp-json\/wp\/v2\/posts\/721\/revisions"}],"predecessor-version":[{"id":723,"href":"https:\/\/www.anfagua.org\/en\/wp-json\/wp\/v2\/posts\/721\/revisions\/723"}],"wp:featuredmedia":[{"embeddable":true,"href":"https:\/\/www.anfagua.org\/en\/wp-json\/wp\/v2\/media\/722"}],"wp:attachment":[{"href":"https:\/\/www.anfagua.org\/en\/wp-json\/wp\/v2\/media?parent=721"}],"wp:term":[{"taxonomy":"category","embeddable":true,"href":"https:\/\/www.anfagua.org\/en\/wp-json\/wp\/v2\/categories?post=721"},{"taxonomy":"post_tag","embeddable":true,"href":"https:\/\/www.anfagua.org\/en\/wp-json\/wp\/v2\/tags?post=721"}],"curies":[{"name":"wp","href":"https:\/\/api.w.org\/{rel}","templated":true}]}}