{"id":717,"date":"2016-07-02T02:03:00","date_gmt":"2016-07-02T02:03:00","guid":{"rendered":"https:\/\/new.anfagua.org\/?p=717"},"modified":"2024-07-15T01:04:47","modified_gmt":"2024-07-15T01:04:47","slug":"anfagua-propone-al-cem-matizaciones-para-la-mejora-del-rd-de-control-metrologico","status":"publish","type":"post","link":"https:\/\/www.anfagua.org\/en\/2016\/07\/02\/anfagua-propone-al-cem-matizaciones-para-la-mejora-del-rd-de-control-metrologico\/","title":{"rendered":"Anfagua\u00a0propone al CEM matizaciones para la mejora del RD de control metrol\u00f3gico"},"content":{"rendered":"\n<h2 class=\"wp-block-heading\">Una representaci\u00f3n de ANFAGUA encabezada por su Presidente, C\u00e9sar Soto, se reuni\u00f3 con una representaci\u00f3n del Centro Espa\u00f1ol de Metrolog\u00eda,\u00a0 encabezada por su nuevo Director, Jos\u00e9 Manuel Bernab\u00e9 S\u00e1nchez, para definir nuevas l\u00edneas de colaboraci\u00f3n entre ambas entidades.<\/h2>\n\n\n\n<p>En un encuentro que tuvo lugar el pasado mes de marzo, CEM y ANFAGUA compartieron sus consideraciones previas a la publicaci\u00f3n del Real Decreto 244\/2016, de 3 de junio, por el que se desarrolla la Ley 32\/2014, de 22 de diciembre, de Metrolog\u00eda. Desde ANFAGUA se consideraba que no debiera definirse una vida \u00fatil del contador; sino establecer verificaciones peri\u00f3dicas, pues las causas de envejecimiento de un contador son muy variables y depende de diversos factores, no s\u00f3lo de la edad, sino tambi\u00e9n del volumen registrado, la tipolog\u00eda de agua y suministro, etc. En esta l\u00ednea, ANFAGUA entiende que no deben categorizarse diferentes edades de vida \u00fatil en funci\u00f3n de la tipolog\u00eda del contador, atendiendo a que la Directiva Europea, por la que se rige la puesta en comercializaci\u00f3n y servicio de un contador, tampoco hace esta diferenciaci\u00f3n.<\/p>\n\n\n\n<p>El CEM se ha mostrado muy receptivo a las aportaciones de ANFAGUA, y ha manifestado que hubiera sido muy interesante haber colaborado m\u00e1s con ANFAGUA, que siempre estuvo dispuesta a ello, en el proceso de redacci\u00f3n del Proyecto de Real Decreto, considerando su representatividad en una de las patas de este sector, como es la de los fabricantes, y el satisfactorio intercambio de informaci\u00f3n que se tuvo en esta reuni\u00f3n previa a la publicaci\u00f3n del Real Decreto, que vio la luz el pasado d\u00eda 3 de junio.<\/p>\n\n\n\n<p>En cualquier caso, lo que si quedo claro es que la colaboraci\u00f3n CEM-ANFAGUA se deber\u00eda mantener muy activa, dado que el marco podr\u00eda evolucionar y no es descartable que, en un futuro pr\u00f3ximo, se desarrolle dicho Real Decreto mediante \u00d3rdenes Ministeriales, para terminar de cerrar conceptos como la vida \u00fatil del contador y definir claramente los procesos de revisi\u00f3n, sustituci\u00f3n y\/o reparaci\u00f3n que se mencionan en la norma.<\/p>\n\n\n\n<p>El CEM y ANFAGUA se han comprometido a potenciar la colaboraci\u00f3n t\u00e9cnica entre ambas entidades para incorporar la opini\u00f3n de los fabricantes siempre que sea necesario, en beneficio de la metrolog\u00eda del agua y de los usuarios.<\/p>\n\n\n\n<div class=\"wp-block-qi-blocks-spacer qodef-block-container qodef-block-249b452c\"><div class=\"qi-block-spacer qodef-block qodef-m\"><\/div><\/div>\n","protected":false},"excerpt":{"rendered":"<p>Una representaci\u00f3n de ANFAGUA encabezada por su Presidente, C\u00e9sar Soto, se reuni\u00f3 con una representaci\u00f3n del Centro Espa\u00f1ol de Metrolog\u00eda,\u00a0 encabezada por su nuevo Director, Jos\u00e9 Manuel Bernab\u00e9 S\u00e1nchez, para definir nuevas l\u00edneas de colaboraci\u00f3n entre ambas entidades. En un encuentro que tuvo lugar el&#8230;<\/p>\n","protected":false},"author":1,"featured_media":704,"comment_status":"closed","ping_status":"closed","sticky":false,"template":"","format":"standard","meta":{"footnotes":"","_links_to":"","_links_to_target":""},"categories":[9],"tags":[],"class_list":["post-717","post","type-post","status-publish","format-standard","has-post-thumbnail","hentry","category-noticias"],"_links":{"self":[{"href":"https:\/\/www.anfagua.org\/en\/wp-json\/wp\/v2\/posts\/717","targetHints":{"allow":["GET"]}}],"collection":[{"href":"https:\/\/www.anfagua.org\/en\/wp-json\/wp\/v2\/posts"}],"about":[{"href":"https:\/\/www.anfagua.org\/en\/wp-json\/wp\/v2\/types\/post"}],"author":[{"embeddable":true,"href":"https:\/\/www.anfagua.org\/en\/wp-json\/wp\/v2\/users\/1"}],"replies":[{"embeddable":true,"href":"https:\/\/www.anfagua.org\/en\/wp-json\/wp\/v2\/comments?post=717"}],"version-history":[{"count":1,"href":"https:\/\/www.anfagua.org\/en\/wp-json\/wp\/v2\/posts\/717\/revisions"}],"predecessor-version":[{"id":718,"href":"https:\/\/www.anfagua.org\/en\/wp-json\/wp\/v2\/posts\/717\/revisions\/718"}],"wp:featuredmedia":[{"embeddable":true,"href":"https:\/\/www.anfagua.org\/en\/wp-json\/wp\/v2\/media\/704"}],"wp:attachment":[{"href":"https:\/\/www.anfagua.org\/en\/wp-json\/wp\/v2\/media?parent=717"}],"wp:term":[{"taxonomy":"category","embeddable":true,"href":"https:\/\/www.anfagua.org\/en\/wp-json\/wp\/v2\/categories?post=717"},{"taxonomy":"post_tag","embeddable":true,"href":"https:\/\/www.anfagua.org\/en\/wp-json\/wp\/v2\/tags?post=717"}],"curies":[{"name":"wp","href":"https:\/\/api.w.org\/{rel}","templated":true}]}}