{"id":714,"date":"2016-07-02T01:00:00","date_gmt":"2016-07-02T01:00:00","guid":{"rendered":"https:\/\/new.anfagua.org\/?p=714"},"modified":"2024-07-15T01:02:29","modified_gmt":"2024-07-15T01:02:29","slug":"la-ocu-y-anfagua-al-servicio-del-usuario","status":"publish","type":"post","link":"https:\/\/www.anfagua.org\/en\/2016\/07\/02\/la-ocu-y-anfagua-al-servicio-del-usuario\/","title":{"rendered":"La\u00a0OCU y Anfagua al servicio del usuario"},"content":{"rendered":"\n<h2 class=\"wp-block-heading\">Una representaci\u00f3n de ANFAGUA encabezada por su Vicepresidenta Marta Pallar\u00e9s, se reuni\u00f3 con Enrique Garc\u00eda, miembro del departamento de Relaciones Institucionales de Organizaci\u00f3n de Consumidores y Usuarios, y con la Responsable del \u00c1rea de Medio Ambiente de la OCU, Bel\u00e9n Ramos, para establecer un marco de colaboraci\u00f3n entre ambas entidades cuyo beneficiario ser\u00e1 el usuario final de los contadores de agua.<\/h2>\n\n\n\n<p>OCU y ANFAGUA tuvieron la oportunidad de comentar el Real Decreto 244\/2016, de 3 de junio, por el que se desarrolla la Ley 32\/2014, de 22 de diciembre, de Metrolog\u00eda, tanto desde el punto de vista del fabricante, como desde la \u00f3ptica del usuario, en un di\u00e1logo enriquecedor que permitir\u00e1 aportar mayor trasparencia y visibilidad a la extraordinaria labor que desempe\u00f1an los dispositivos de medici\u00f3n de consumos de agua.<\/p>\n\n\n\n<p>Ambas entidades, han reconocido la importancia de mantener el v\u00ednculo e intercambiar informaci\u00f3n y consultas para avanzar hacia un servicio cada d\u00eda m\u00e1s satisfactorio.<\/p>\n\n\n\n<div class=\"wp-block-qi-blocks-spacer qodef-block-container qodef-block-249b452c\"><div class=\"qi-block-spacer qodef-block qodef-m\"><\/div><\/div>\n","protected":false},"excerpt":{"rendered":"<p>Una representaci\u00f3n de ANFAGUA encabezada por su Vicepresidenta Marta Pallar\u00e9s, se reuni\u00f3 con Enrique Garc\u00eda, miembro del departamento de Relaciones Institucionales de Organizaci\u00f3n de Consumidores y Usuarios, y con la Responsable del \u00c1rea de Medio Ambiente de la OCU, Bel\u00e9n Ramos, para establecer un marco&#8230;<\/p>\n","protected":false},"author":1,"featured_media":715,"comment_status":"closed","ping_status":"closed","sticky":false,"template":"","format":"standard","meta":{"footnotes":"","_links_to":"","_links_to_target":""},"categories":[9],"tags":[],"class_list":["post-714","post","type-post","status-publish","format-standard","has-post-thumbnail","hentry","category-noticias"],"_links":{"self":[{"href":"https:\/\/www.anfagua.org\/en\/wp-json\/wp\/v2\/posts\/714","targetHints":{"allow":["GET"]}}],"collection":[{"href":"https:\/\/www.anfagua.org\/en\/wp-json\/wp\/v2\/posts"}],"about":[{"href":"https:\/\/www.anfagua.org\/en\/wp-json\/wp\/v2\/types\/post"}],"author":[{"embeddable":true,"href":"https:\/\/www.anfagua.org\/en\/wp-json\/wp\/v2\/users\/1"}],"replies":[{"embeddable":true,"href":"https:\/\/www.anfagua.org\/en\/wp-json\/wp\/v2\/comments?post=714"}],"version-history":[{"count":1,"href":"https:\/\/www.anfagua.org\/en\/wp-json\/wp\/v2\/posts\/714\/revisions"}],"predecessor-version":[{"id":716,"href":"https:\/\/www.anfagua.org\/en\/wp-json\/wp\/v2\/posts\/714\/revisions\/716"}],"wp:featuredmedia":[{"embeddable":true,"href":"https:\/\/www.anfagua.org\/en\/wp-json\/wp\/v2\/media\/715"}],"wp:attachment":[{"href":"https:\/\/www.anfagua.org\/en\/wp-json\/wp\/v2\/media?parent=714"}],"wp:term":[{"taxonomy":"category","embeddable":true,"href":"https:\/\/www.anfagua.org\/en\/wp-json\/wp\/v2\/categories?post=714"},{"taxonomy":"post_tag","embeddable":true,"href":"https:\/\/www.anfagua.org\/en\/wp-json\/wp\/v2\/tags?post=714"}],"curies":[{"name":"wp","href":"https:\/\/api.w.org\/{rel}","templated":true}]}}